{"id":1,"date":"2023-08-03T12:47:25","date_gmt":"2023-08-03T10:47:25","guid":{"rendered":"http:\/\/destek-bodensee.de\/?p=1"},"modified":"2023-08-06T16:43:39","modified_gmt":"2023-08-06T14:43:39","slug":"was-eine-seniorenassistenz-so-macht","status":"publish","type":"post","link":"http:\/\/destek-bodensee.de\/?p=1","title":{"rendered":"Was eine Seniorenassistenz so macht?"},"content":{"rendered":"\n<p>Das werde ich oft gefragt, wenn ich bei neuen Begegnungen oder auch im Bekanntenkreis nach meiner T\u00e4tigkeit gefragt werde. Obwohl es ein so wichtiger und anerkannter Beruf ist, scheint er in unserer Gesellschaft noch nicht so recht angekommen zu sein oder wird oftmals mit einer Pflegefachkraft gleichgesetzt.<\/p>\n\n\n\n<p>Dabei gibt es immer mehr Seniorinnen und Senioren, die teilweise alleine alt werden, weil die Kinder, Enkel, Verwandten in anderen St\u00e4dten wohnen oder gar im Ausland. Noch vor 30 Jahren lebten Generationen gemeinsam in H\u00e4usern oder zumindest im selben Dorf und es war selbstverst\u00e4ndlich, dass man sich um die \u00e4ltere Generation gek\u00fcmmert hat. In den letzten Jahrzehnten, hat sich die Gesellschaft und auch die Familienstrukturen immer mehr dazu entwickelt, dass jeder seinen pers\u00f6nlichen Weg geht, die Ferne sucht, nicht die Bindung an die Heimat zwar gegeben ist aber keine Verpflichtung darstellt. Das erweitert auf der einen Seite ungemein den Horizont, auf der anderen Seite sind dann oftmals aber die Eltern, Gro\u00dfeltern und \u00e4lteren Verwandten, die \u201ealleine\u201c oder in entsprechenden Einrichtungen Ihren Lebensabend verbringen.<\/p>\n\n\n\n<p>Genau hier setzt die Arbeit einer Seniorenassistenz an \u2013 ich m\u00f6chte Zeit verbringen und die Dinge gemeinsam mit Ihnen erledigen, die Angeh\u00f6rige nicht oder nicht dauerhaft gew\u00e4hrleisten k\u00f6nnen.<\/p>\n\n\n\n<h2 class=\"wp-block-heading\">Und wie sieht so ein Nachmittag aus?<\/h2>\n\n\n\n<p>Ein gemeinsamer Nachmittag beginnt mit einem kleinen Einkauf im Supermarkt. Mein Senior hat sich eine Einkaufsliste gemacht, was er alles so braucht. Es ist spannend was er gerne isst und welche Einkaufsgewohnheiten er hat. Ich schiebe den Einkaufswagen f\u00fcr Ihn und ihm macht es sichtlich Spa\u00df sich w\u00e4hrend des Einkaufs zu unterhalten. Nach dem Einkauf besorgen wir noch in der Apotheke seine Medizin und weil das Wetter gerade so sch\u00f6n ist, beschlie\u00dfen wir ganz spontan noch einen kleinen Spaziergang am See zu machen. Der Senior traut es sich alleine nicht mehr zu, da der Heimweg dann oftmals zu m\u00fchsam ist und das Autofahren nicht mehr geht. Die Pflegekraft hat leider f\u00fcr diese Themen keine Kapazit\u00e4ten.<\/p>\n\n\n\n<p>W\u00e4hrend des Spaziergangs fanden wir eine sch\u00f6ne Bank und setzten uns einen Moment und merkten vor Lauter reden kaum wie die Zeit verging. Oftmals bin ich ger\u00fchrt, was die Senioren bewegt, was Sie erlebt haben und wie sehr Sie es genie\u00dfen einfach nur zu reden. Seine Augen strahlten, seine H\u00e4nde erz\u00e4hlten mit, wie er seine Arbeit geliebt hat.<\/p>\n\n\n\n<h2 class=\"wp-block-heading\">Was f\u00fcr uns normal scheint ist f\u00fcr andere au\u00dfergew\u00f6hnlich sch\u00f6n!<\/h2>\n\n\n\n<p>Wieder zu Hause angekommen, bedankte sich der Senior f\u00fcr den au\u00dfergew\u00f6hnlichen Mittag. Ein Mittag der f\u00fcr mich und f\u00fcr ganz viele ein ganz normaler ist, ohne gro\u00df dar\u00fcber nachzudenken. Die Arbeit als Seniorenassistenz erdet mich immer wieder und ich freue mich schon heute auf den n\u00e4chsten Spaziergang mit dem Senior.<\/p>\n\n\n\n<p>Schreiben Sie mir gerne f\u00fcr n\u00e4here&nbsp;<a href=\"http:\/\/www.destek-bodensee.de\/kontakt\">Informationen<\/a> &#8211; ich freue mich auf Sie!<\/p>\n\n\n\n<p>Ihre Emine G\u00fcn<\/p>\n\n\n\n<p><\/p>\n","protected":false},"excerpt":{"rendered":"<p>Das werde ich oft gefragt, wenn ich bei neuen Begegnungen oder auch im Bekanntenkreis nach meiner T\u00e4tigkeit gefragt werde. Obwohl es ein so wichtiger und anerkannter Beruf ist, scheint er &hellip; <\/p>\n","protected":false},"author":1,"featured_media":23,"comment_status":"closed","ping_status":"closed","sticky":false,"template":"","format":"standard","meta":{"footnotes":""},"categories":[1],"tags":[],"class_list":["post-1","post","type-post","status-publish","format-standard","has-post-thumbnail","hentry","category-allgemein"],"_links":{"self":[{"href":"http:\/\/destek-bodensee.de\/index.php?rest_route=\/wp\/v2\/posts\/1","targetHints":{"allow":["GET"]}}],"collection":[{"href":"http:\/\/destek-bodensee.de\/index.php?rest_route=\/wp\/v2\/posts"}],"about":[{"href":"http:\/\/destek-bodensee.de\/index.php?rest_route=\/wp\/v2\/types\/post"}],"author":[{"embeddable":true,"href":"http:\/\/destek-bodensee.de\/index.php?rest_route=\/wp\/v2\/users\/1"}],"replies":[{"embeddable":true,"href":"http:\/\/destek-bodensee.de\/index.php?rest_route=%2Fwp%2Fv2%2Fcomments&post=1"}],"version-history":[{"count":3,"href":"http:\/\/destek-bodensee.de\/index.php?rest_route=\/wp\/v2\/posts\/1\/revisions"}],"predecessor-version":[{"id":87,"href":"http:\/\/destek-bodensee.de\/index.php?rest_route=\/wp\/v2\/posts\/1\/revisions\/87"}],"wp:featuredmedia":[{"embeddable":true,"href":"http:\/\/destek-bodensee.de\/index.php?rest_route=\/wp\/v2\/media\/23"}],"wp:attachment":[{"href":"http:\/\/destek-bodensee.de\/index.php?rest_route=%2Fwp%2Fv2%2Fmedia&parent=1"}],"wp:term":[{"taxonomy":"category","embeddable":true,"href":"http:\/\/destek-bodensee.de\/index.php?rest_route=%2Fwp%2Fv2%2Fcategories&post=1"},{"taxonomy":"post_tag","embeddable":true,"href":"http:\/\/destek-bodensee.de\/index.php?rest_route=%2Fwp%2Fv2%2Ftags&post=1"}],"curies":[{"name":"wp","href":"https:\/\/api.w.org\/{rel}","templated":true}]}}